{"id":73807,"date":"2026-04-27T15:58:24","date_gmt":"2026-04-27T13:58:24","guid":{"rendered":"https:\/\/www.ensemble-megaphon.com\/?p=73807"},"modified":"2026-04-27T19:30:34","modified_gmt":"2026-04-27T17:30:34","slug":"concert-radical-freedom","status":"publish","type":"post","link":"https:\/\/www.ensemble-megaphon.com\/en\/konzert-radikale-freiheit\/","title":{"rendered":"Radical Freedom\u201e concert\u201c"},"content":{"rendered":"<p>Photo: Ensemble Megaphon @Markus Golletz<\/p>\n\n\n\n<h3 class=\"wp-block-heading\">as part of the festival <em>Horizons 2026 with the <\/em>Topic: \u201eGentle radicalism\u201c<\/h3>\n\n\n\n<p><strong>Sat. 6.6. 2026 at 19: 30 h&nbsp;<\/strong><br>Young theatre, <a href=\"https:\/\/www.google.com\/maps\/place\/data=!4m2!3m1!1s0x47a4d49617fed2e7:0x4c829d1af285b220?sa=X&amp;ved=1t:8290&amp;ictx=111\">B\u00fcrgerstra\u00dfe 15, 37073 G\u00f6ttingen<\/a><\/p>\n\n\n\n<p>What does radicalism sound like when it becomes quiet? When it asserts itself not through volume, but through reduction and pauses between the notes?<br>The concert \u201eRadical Freedom\u201c by Ensemble Megaphon invites you to experience these questions in a sensual way. Eliane Radigue's works open up fragile, almost timeless sound spaces: microtonal layers that slowly shift and demand an intensive form of listening. Radical here is the reduction - the concentrated listening to minimal changes.<br>In her conceptual score, Annette Schl\u00fcnz translates texts by the French poet Christophe Tarkos into a floating language of sound. Language becomes sound, meaning becomes movement - a poetic space is created between voice and music.<br>With the \u201ePersian Miniatures\u201d, Ehsan Ebrahimi introduces the santoor and modes of the maqam system. Traditional tone colours and modal structures unfold as lively, finely differentiated textures that open up resonance spaces. Finally, Olga Neuwirth sets a counterpoint with expressive energy: she explores extreme instrumental boundaries and takes the audience to the edges of the audible - intensely, physically, directly.<br><br>Following the concert, a discussion moderated by Bernd Schumann will provide space for dialogue with the audience.<\/p>\n\n\n\n<h2 class=\"wp-block-heading\">Programme <\/h2>\n\n\n\n<p>(duration approx. 40 minutes):<\/p>\n\n\n\n<ul class=\"wp-block-list\">\n<li>Olga Neuwirth (*1968) \u00abSpleen III\u00bb per baritone saxophone (2021)&nbsp;&nbsp;<\/li>\n\n\n\n<li>Ehsan Ebrahimi (*1984) \u00ab Persian Miniatures\u00bb for ensemble&nbsp;&nbsp;<\/li>\n\n\n\n<li>Annette Schl\u00fcnz (*1964) \u00ab Ultime tentative\u00bb for ensemble<\/li>\n\n\n\n<li>Eliane Radigue (*1932) \u00ab Occam Oc\u00e9an \u00bb for ensemble<\/li>\n<\/ul>\n\n\n\n<h2 class=\"wp-block-heading\">Contributors<\/h2>\n\n\n\n<p>Lenka \u017dupkov\u00e1 - violin<br>Vlady Bystrov - clarinet, saxophone<br>Ehsan Ebrahimi - Santur<br>Johannes Keller- double bass&nbsp;<br>Willi Hanne - Percussion<\/p>\n\n\n\n<h2 class=\"wp-block-heading\">The organisers:<\/h2>\n\n\n    <div class=\"mnc-logo-grid-container\">\n    <ul class=\"mnc-logo-grid\"\n        data-count=\"2\"\n        aria-label=\"Logos\">\n                    <li class=\"logo-card\">\n                <div class=\"logo-card__imgwrap\">\n                    <img decoding=\"async\" src=\"https:\/\/www.ensemble-megaphon.com\/wp-content\/uploads\/2026\/04\/gso-logo-negativ-schwarz.png\"\n                         alt=\"GSO-Logo_negative_black\"\n                         loading=\"lazy\">\n                <\/div>\n                <div class=\"logo-card__subtitle\"><\/div>\n            <\/li>\n                    <li class=\"logo-card\">\n                <div class=\"logo-card__imgwrap\">\n                    <img decoding=\"async\" src=\"https:\/\/www.ensemble-megaphon.com\/wp-content\/uploads\/2026\/04\/horizonte-logo-schwarz.png\"\n                         alt=\"horizonte_Logo black\"\n                         loading=\"lazy\">\n                <\/div>\n                <div class=\"logo-card__subtitle\"><\/div>\n            <\/li>\n            <\/ul>\n    <\/div>","protected":false},"excerpt":{"rendered":"<p>Foto: Ensemble Megaphon @Markus Golletz im Rahmen des Festivals Horizonte 2026 mit dem Thema: \u201eSanfte Radikalit\u00e4t\u201c Sa. 6.6. 2026 um 19: 30 Uhr&nbsp;Junges Theater, B\u00fcrgerstra\u00dfe 15, 37073 G\u00f6ttingen Wie klingt Radikalit\u00e4t, wenn sie leise wird? Wenn sie sich nicht durch Lautst\u00e4rke, sondern durch Reduktion und Pausen zwischen den T\u00f6nen behauptet?Das Konzert \u201eRadikale Freiheit\u201c des Ensemble [&hellip;]<\/p>\n","protected":false},"author":7,"featured_media":73817,"comment_status":"closed","ping_status":"closed","sticky":false,"template":"","format":"standard","meta":{"_acf_changed":false,"site-sidebar-layout":"default","site-content-layout":"","ast-site-content-layout":"default","site-content-style":"default","site-sidebar-style":"default","ast-global-header-display":"","ast-banner-title-visibility":"","ast-main-header-display":"","ast-hfb-above-header-display":"","ast-hfb-below-header-display":"","ast-hfb-mobile-header-display":"","site-post-title":"","ast-breadcrumbs-content":"","ast-featured-img":"","footer-sml-layout":"","ast-disable-related-posts":"","theme-transparent-header-meta":"","adv-header-id-meta":"","stick-header-meta":"","header-above-stick-meta":"","header-main-stick-meta":"","header-below-stick-meta":"","astra-migrate-meta-layouts":"set","ast-page-background-enabled":"default","ast-page-background-meta":{"desktop":{"background-color":"","background-image":"","background-repeat":"repeat","background-position":"center center","background-size":"auto","background-attachment":"scroll","background-type":"","background-media":"","overlay-type":"","overlay-color":"","overlay-opacity":"","overlay-gradient":""},"tablet":{"background-color":"","background-image":"","background-repeat":"repeat","background-position":"center center","background-size":"auto","background-attachment":"scroll","background-type":"","background-media":"","overlay-type":"","overlay-color":"","overlay-opacity":"","overlay-gradient":""},"mobile":{"background-color":"","background-image":"","background-repeat":"repeat","background-position":"center center","background-size":"auto","background-attachment":"scroll","background-type":"","background-media":"","overlay-type":"","overlay-color":"","overlay-opacity":"","overlay-gradient":""}},"ast-content-background-meta":{"desktop":{"background-color":"var(--ast-global-color-5)","background-image":"","background-repeat":"repeat","background-position":"center center","background-size":"auto","background-attachment":"scroll","background-type":"","background-media":"","overlay-type":"","overlay-color":"","overlay-opacity":"","overlay-gradient":""},"tablet":{"background-color":"var(--ast-global-color-5)","background-image":"","background-repeat":"repeat","background-position":"center center","background-size":"auto","background-attachment":"scroll","background-type":"","background-media":"","overlay-type":"","overlay-color":"","overlay-opacity":"","overlay-gradient":""},"mobile":{"background-color":"var(--ast-global-color-5)","background-image":"","background-repeat":"repeat","background-position":"center center","background-size":"auto","background-attachment":"scroll","background-type":"","background-media":"","overlay-type":"","overlay-color":"","overlay-opacity":"","overlay-gradient":""}},"footnotes":""},"categories":[1],"tags":[],"class_list":["post-73807","post","type-post","status-publish","format-standard","has-post-thumbnail","hentry","category-aktuell"],"acf":[],"_links":{"self":[{"href":"https:\/\/www.ensemble-megaphon.com\/en\/wp-json\/wp\/v2\/posts\/73807","targetHints":{"allow":["GET"]}}],"collection":[{"href":"https:\/\/www.ensemble-megaphon.com\/en\/wp-json\/wp\/v2\/posts"}],"about":[{"href":"https:\/\/www.ensemble-megaphon.com\/en\/wp-json\/wp\/v2\/types\/post"}],"author":[{"embeddable":true,"href":"https:\/\/www.ensemble-megaphon.com\/en\/wp-json\/wp\/v2\/users\/7"}],"replies":[{"embeddable":true,"href":"https:\/\/www.ensemble-megaphon.com\/en\/wp-json\/wp\/v2\/comments?post=73807"}],"version-history":[{"count":2,"href":"https:\/\/www.ensemble-megaphon.com\/en\/wp-json\/wp\/v2\/posts\/73807\/revisions"}],"predecessor-version":[{"id":73827,"href":"https:\/\/www.ensemble-megaphon.com\/en\/wp-json\/wp\/v2\/posts\/73807\/revisions\/73827"}],"wp:featuredmedia":[{"embeddable":true,"href":"https:\/\/www.ensemble-megaphon.com\/en\/wp-json\/wp\/v2\/media\/73817"}],"wp:attachment":[{"href":"https:\/\/www.ensemble-megaphon.com\/en\/wp-json\/wp\/v2\/media?parent=73807"}],"wp:term":[{"taxonomy":"category","embeddable":true,"href":"https:\/\/www.ensemble-megaphon.com\/en\/wp-json\/wp\/v2\/categories?post=73807"},{"taxonomy":"post_tag","embeddable":true,"href":"https:\/\/www.ensemble-megaphon.com\/en\/wp-json\/wp\/v2\/tags?post=73807"}],"curies":[{"name":"wp","href":"https:\/\/api.w.org\/{rel}","templated":true}]}}